{"id":15919,"date":"2025-09-10T12:00:45","date_gmt":"2025-09-10T17:00:45","guid":{"rendered":"https:\/\/laspalomasresort.net\/vuelve-el-secreto-mas-dulce-del-mar-de-cortes-la-temporada-del-camaron-azul-en-puerto-penasco-esta-por-comenzar\/"},"modified":"2025-09-22T19:13:01","modified_gmt":"2025-09-23T00:13:01","slug":"vuelve-el-secreto-mas-dulce-del-mar-de-cortes-la-temporada-del-camaron-azul-en-puerto-penasco-esta-por-comenzar","status":"publish","type":"post","link":"https:\/\/laspalomasresort.net\/es\/vuelve-el-secreto-mas-dulce-del-mar-de-cortes-la-temporada-del-camaron-azul-en-puerto-penasco-esta-por-comenzar\/","title":{"rendered":"\u00a1El Secreto M\u00e1s Dulce del Mar de Cort\u00e9s Est\u00e1 de Regreso! \u00a1La temporada del camar\u00f3n azul en Puerto Pe\u00f1asco est\u00e1 por comenzar!"},"content":{"rendered":"\n<p>\u00a1Atenci\u00f3n amantes de los mariscos! El momento que todos hemos estado esperando est\u00e1 por llegar. En solo unas semanas se levantar\u00e1 la veda anual de camar\u00f3n en el Mar de Cort\u00e9s, lo que significa que muy pronto volveremos a tener camar\u00f3n fresco, directo del mar, en todos los mercados y restaurantes de Puerto Pe\u00f1asco, tambi\u00e9n conocido como Rocky Point.  <\/p>\n\n\n\n<p>Para los que saben, esta pesca local es un verdadero manjar. Se trata del famoso camar\u00f3n \u201cazul\u201d, llamado as\u00ed por su color distintivo y su sabor excepcional. No es solo un antojo de temporada; es parte de nuestro patrimonio. Puerto Pe\u00f1asco naci\u00f3 como un humilde pueblo pesquero, fundado sobre la abundancia del mar. Aunque especies como la totoaba hoy est\u00e1n protegidas y se cultivan, el poderoso camar\u00f3n sigue siendo el pilar de nuestra comunidad. Su riqueza atrajo a los primeros pobladores y hasta hoy sostiene a innumerables familias.     <\/p>\n\n\n\n<p>As\u00ed que, si estabas buscando la excusa perfecta para visitar nuestro hermoso destino junto al mar, \u00a1esta es! El inicio de la temporada camaronera es una celebraci\u00f3n de nuestra historia y de nuestro futuro. Y hablando de celebraciones, no te puedes perder lo que tenemos preparado en <strong>Las Palomas Beach &amp; Golf Resort\u00ae\ufe0f.<\/strong>  <\/p>\n\n\n\n<p><strong>\u00a1\u00danete a la Celebraci\u00f3n en Las Palomas este 20 de Septiembre!<\/strong><\/p>\n\n\n\n<p>Vamos con todo para honrar esta fecha tan importante para nuestros pescadores locales. El 20 de septiembre tendremos un d\u00eda completo de actividades para celebrar la primera captura de la temporada.<br>Nuestros equipos culinarios en La Mar\u00eda y Citron, junto con nuestros tres bares de alberca, han creado men\u00fas espectaculares con camar\u00f3n fresco reci\u00e9n salido del mar. Prep\u00e1rate para disfrutar una gran variedad de platillos que resaltan su sabor \u00fanico.   <\/p>\n\n\n\n<p>Pero no se trata solo de comida: \u00a1el resort estar\u00e1 lleno de m\u00fasica! M\u00e1s de cinco bandas en vivo y un DJ mantendr\u00e1n la fiesta encendida durante todo el d\u00eda. Es nuestra manera de enviar apoyo y buena suerte a los pescadores y sus familias en el inicio de esta nueva temporada.  <\/p>\n\n\n\n<p>Esta es tu oportunidad de hacer m\u00e1s que solo escapar de la rutina. Podr\u00e1s vivir un destino impresionante, saborear el dulce sabor del camar\u00f3n reci\u00e9n capturado y al mismo tiempo apoyar a las familias que dedican su vida a esta noble profesi\u00f3n. <\/p>\n\n\n\n<p>Haz tus maletas y prep\u00e1rate para vivir un Puerto Pe\u00f1asco que nunca olvidar\u00e1s.<\/p>\n\n\n\n<p><strong>\u00a1Nos vemos el 20 de septiembre!<\/strong><\/p>\n\n\n\n<div style=\"height:25px\" aria-hidden=\"true\" class=\"wp-block-spacer\"><\/div>\n\n\n\n<div class=\"wp-block-buttons is-layout-flex wp-block-buttons-is-layout-flex\"><\/div>\n\n\n\n<p><\/p>\n\n\n\n<p><\/p>\n\n\n\n<p><\/p>\n\n\n\n<p><\/p>\n\n\n\n<figure class=\"wp-block-gallery has-nested-images columns-4 is-cropped wp-block-gallery-1 is-layout-flex wp-block-gallery-is-layout-flex\">\n<figure class=\"wp-block-image size-large\"><img fetchpriority=\"high\" decoding=\"async\" width=\"576\" height=\"1024\" data-id=\"15966\" src=\"https:\/\/laspalomasresort.net\/wp-content\/uploads\/2025\/09\/TOTEM_Shrimp-576x1024.png\" alt=\"\" class=\"wp-image-15966\" srcset=\"https:\/\/laspalomasresort.net\/wp-content\/uploads\/2025\/09\/TOTEM_Shrimp-576x1024.png 576w, https:\/\/laspalomasresort.net\/wp-content\/uploads\/2025\/09\/TOTEM_Shrimp-169x300.png 169w, https:\/\/laspalomasresort.net\/wp-content\/uploads\/2025\/09\/TOTEM_Shrimp-768x1365.png 768w, https:\/\/laspalomasresort.net\/wp-content\/uploads\/2025\/09\/TOTEM_Shrimp-864x1536.png 864w, https:\/\/laspalomasresort.net\/wp-content\/uploads\/2025\/09\/TOTEM_Shrimp.png 1080w\" sizes=\"(max-width: 576px) 100vw, 576px\" \/><\/figure>\n\n\n\n<figure class=\"wp-block-image size-large\"><img decoding=\"async\" width=\"580\" height=\"1024\" data-id=\"15968\" src=\"https:\/\/laspalomasresort.net\/wp-content\/uploads\/2025\/09\/historia_entrada-580x1024.png\" alt=\"\" class=\"wp-image-15968\" srcset=\"https:\/\/laspalomasresort.net\/wp-content\/uploads\/2025\/09\/historia_entrada-580x1024.png 580w, https:\/\/laspalomasresort.net\/wp-content\/uploads\/2025\/09\/historia_entrada-170x300.png 170w, https:\/\/laspalomasresort.net\/wp-content\/uploads\/2025\/09\/historia_entrada.png 755w\" sizes=\"(max-width: 580px) 100vw, 580px\" \/><\/figure>\n\n\n\n<figure class=\"wp-block-image size-large is-style-default\"><img decoding=\"async\" width=\"580\" height=\"1024\" data-id=\"15970\" src=\"https:\/\/laspalomasresort.net\/wp-content\/uploads\/2025\/09\/historia_platillo-580x1024.png\" alt=\"\" class=\"wp-image-15970\" srcset=\"https:\/\/laspalomasresort.net\/wp-content\/uploads\/2025\/09\/historia_platillo-580x1024.png 580w, https:\/\/laspalomasresort.net\/wp-content\/uploads\/2025\/09\/historia_platillo-170x300.png 170w, https:\/\/laspalomasresort.net\/wp-content\/uploads\/2025\/09\/historia_platillo.png 755w\" sizes=\"(max-width: 580px) 100vw, 580px\" \/><\/figure>\n\n\n\n<figure class=\"wp-block-image size-large\"><img loading=\"lazy\" decoding=\"async\" width=\"580\" height=\"1024\" data-id=\"15972\" src=\"https:\/\/laspalomasresort.net\/wp-content\/uploads\/2025\/09\/historia_postre-580x1024.png\" alt=\"\" class=\"wp-image-15972\" srcset=\"https:\/\/laspalomasresort.net\/wp-content\/uploads\/2025\/09\/historia_postre-580x1024.png 580w, https:\/\/laspalomasresort.net\/wp-content\/uploads\/2025\/09\/historia_postre-170x300.png 170w, https:\/\/laspalomasresort.net\/wp-content\/uploads\/2025\/09\/historia_postre.png 755w\" sizes=\"(max-width: 580px) 100vw, 580px\" \/><\/figure>\n<\/figure>\n\n\n\n<figure class=\"wp-block-gallery has-nested-images columns-6 is-cropped wp-block-gallery-2 is-layout-flex wp-block-gallery-is-layout-flex\">\n<figure class=\"wp-block-image size-large\"><img loading=\"lazy\" decoding=\"async\" width=\"1024\" height=\"684\" data-id=\"15958\" src=\"https:\/\/laspalomasresort.net\/wp-content\/uploads\/2025\/09\/AGUACHILE-VERDE-5-1024x684.jpg\" alt=\"\" class=\"wp-image-15958\" srcset=\"https:\/\/laspalomasresort.net\/wp-content\/uploads\/2025\/09\/AGUACHILE-VERDE-5-1024x684.jpg 1024w, https:\/\/laspalomasresort.net\/wp-content\/uploads\/2025\/09\/AGUACHILE-VERDE-5-300x200.jpg 300w, https:\/\/laspalomasresort.net\/wp-content\/uploads\/2025\/09\/AGUACHILE-VERDE-5-768x513.jpg 768w, https:\/\/laspalomasresort.net\/wp-content\/uploads\/2025\/09\/AGUACHILE-VERDE-5-1536x1025.jpg 1536w, https:\/\/laspalomasresort.net\/wp-content\/uploads\/2025\/09\/AGUACHILE-VERDE-5-2048x1367.jpg 2048w\" sizes=\"(max-width: 1024px) 100vw, 1024px\" \/><figcaption class=\"wp-element-caption\">Aguachile<\/figcaption><\/figure>\n\n\n\n<figure class=\"wp-block-image size-large\"><img loading=\"lazy\" decoding=\"async\" width=\"1024\" height=\"1024\" data-id=\"15960\" src=\"https:\/\/laspalomasresort.net\/wp-content\/uploads\/2025\/09\/CAMARONES-AL-AJILLO-1024x1024.jpeg\" alt=\"\" class=\"wp-image-15960\" srcset=\"https:\/\/laspalomasresort.net\/wp-content\/uploads\/2025\/09\/CAMARONES-AL-AJILLO-1024x1024.jpeg 1024w, https:\/\/laspalomasresort.net\/wp-content\/uploads\/2025\/09\/CAMARONES-AL-AJILLO-300x300.jpeg 300w, https:\/\/laspalomasresort.net\/wp-content\/uploads\/2025\/09\/CAMARONES-AL-AJILLO-150x150.jpeg 150w, https:\/\/laspalomasresort.net\/wp-content\/uploads\/2025\/09\/CAMARONES-AL-AJILLO-768x768.jpeg 768w, https:\/\/laspalomasresort.net\/wp-content\/uploads\/2025\/09\/CAMARONES-AL-AJILLO.jpeg 1536w\" sizes=\"(max-width: 1024px) 100vw, 1024px\" \/><figcaption class=\"wp-element-caption\">Camarones al ajillo<\/figcaption><\/figure>\n\n\n\n<figure class=\"wp-block-image size-large\"><img loading=\"lazy\" decoding=\"async\" width=\"1024\" height=\"648\" data-id=\"15962\" src=\"https:\/\/laspalomasresort.net\/wp-content\/uploads\/2025\/09\/CEVICHE-DE-CAMARON-Y-MANGO-1024x648.jpg\" alt=\"\" class=\"wp-image-15962\" srcset=\"https:\/\/laspalomasresort.net\/wp-content\/uploads\/2025\/09\/CEVICHE-DE-CAMARON-Y-MANGO-1024x648.jpg 1024w, https:\/\/laspalomasresort.net\/wp-content\/uploads\/2025\/09\/CEVICHE-DE-CAMARON-Y-MANGO-300x190.jpg 300w, https:\/\/laspalomasresort.net\/wp-content\/uploads\/2025\/09\/CEVICHE-DE-CAMARON-Y-MANGO-768x486.jpg 768w, https:\/\/laspalomasresort.net\/wp-content\/uploads\/2025\/09\/CEVICHE-DE-CAMARON-Y-MANGO.jpg 1284w\" sizes=\"(max-width: 1024px) 100vw, 1024px\" \/><figcaption class=\"wp-element-caption\">Ceviche tropical de camarones<\/figcaption><\/figure>\n\n\n\n<figure class=\"wp-block-image size-large\"><img loading=\"lazy\" decoding=\"async\" width=\"201\" height=\"251\" data-id=\"15964\" src=\"https:\/\/laspalomasresort.net\/wp-content\/uploads\/2025\/09\/LASANA-DE-CAMARON.jpg\" alt=\"\" class=\"wp-image-15964\"\/><figcaption class=\"wp-element-caption\">Lasa\u00f1a de camarones<\/figcaption><\/figure>\n<\/figure>\n","protected":false},"excerpt":{"rendered":"<p>\u00a1Atenci\u00f3n amantes de los mariscos! El momento que todos hemos estado esperando est\u00e1 por llegar. En solo unas semanas se levantar\u00e1 la veda anual de camar\u00f3n en el Mar de Cort\u00e9s, lo que significa que muy pronto volveremos a tener camar\u00f3n fresco, directo del mar, en todos los mercados y restaurantes de Puerto Pe\u00f1asco, tambi\u00e9n [&hellip;]<\/p>\n","protected":false},"author":6,"featured_media":14999,"comment_status":"closed","ping_status":"closed","sticky":false,"template":"","format":"standard","meta":{"_acf_changed":false,"footnotes":""},"categories":[45],"tags":[],"class_list":["post-15919","post","type-post","status-publish","format-standard","has-post-thumbnail","hentry","category-sin-categoria"],"acf":[],"yoast_head":"<!-- This site is optimized with the Yoast SEO plugin v27.5 - https:\/\/yoast.com\/product\/yoast-seo-wordpress\/ -->\n<title>\u00a1El Secreto M\u00e1s Dulce del Mar de Cort\u00e9s Est\u00e1 de Regreso! \u00a1La temporada del camar\u00f3n azul en Puerto Pe\u00f1asco est\u00e1 por comenzar! - Las Palomas<\/title>\n<meta name=\"description\" content=\"\u00a1La temporada del camar\u00f3n azul regresa a Rocky Point! Celebra en Las Palomas el 20 de septiembre con sabores frescos, m\u00fasica en vivo y tradici\u00f3n junto al mar.\" \/>\n<meta name=\"robots\" content=\"index, follow, max-snippet:-1, max-image-preview:large, max-video-preview:-1\" \/>\n<link rel=\"canonical\" href=\"https:\/\/laspalomasresort.net\/es\/vuelve-el-secreto-mas-dulce-del-mar-de-cortes-la-temporada-del-camaron-azul-en-puerto-penasco-esta-por-comenzar\/\" \/>\n<meta property=\"og:locale\" content=\"es_MX\" \/>\n<meta property=\"og:type\" content=\"article\" \/>\n<meta property=\"og:title\" content=\"\u00a1El Secreto M\u00e1s Dulce del Mar de Cort\u00e9s Est\u00e1 de Regreso! \u00a1La temporada del camar\u00f3n azul en Puerto Pe\u00f1asco est\u00e1 por comenzar! - Las Palomas\" \/>\n<meta property=\"og:description\" content=\"\u00a1La temporada del camar\u00f3n azul regresa a Rocky Point! Celebra en Las Palomas el 20 de septiembre con sabores frescos, m\u00fasica en vivo y tradici\u00f3n junto al mar.\" \/>\n<meta property=\"og:url\" content=\"https:\/\/laspalomasresort.net\/es\/vuelve-el-secreto-mas-dulce-del-mar-de-cortes-la-temporada-del-camaron-azul-en-puerto-penasco-esta-por-comenzar\/\" \/>\n<meta property=\"og:site_name\" content=\"Las Palomas\" \/>\n<meta property=\"article:published_time\" content=\"2025-09-10T17:00:45+00:00\" \/>\n<meta property=\"article:modified_time\" content=\"2025-09-23T00:13:01+00:00\" \/>\n<meta property=\"og:image\" content=\"https:\/\/laspalomasresort.net\/wp-content\/uploads\/2025\/05\/DJI_0203.jpg\" \/>\n\t<meta property=\"og:image:width\" content=\"2560\" \/>\n\t<meta property=\"og:image:height\" content=\"1920\" \/>\n\t<meta property=\"og:image:type\" content=\"image\/jpeg\" \/>\n<meta name=\"author\" content=\"Ana Gonzalez\" \/>\n<meta name=\"twitter:card\" content=\"summary_large_image\" \/>\n<meta name=\"twitter:label1\" content=\"Written by\" \/>\n\t<meta name=\"twitter:data1\" content=\"Ana Gonzalez\" \/>\n\t<meta name=\"twitter:label2\" content=\"Est. reading time\" \/>\n\t<meta name=\"twitter:data2\" content=\"4 minutos\" \/>\n<script type=\"application\/ld+json\" class=\"yoast-schema-graph\">{\"@context\":\"https:\\\/\\\/schema.org\",\"@graph\":[{\"@type\":\"Article\",\"@id\":\"https:\\\/\\\/laspalomasresort.net\\\/es\\\/vuelve-el-secreto-mas-dulce-del-mar-de-cortes-la-temporada-del-camaron-azul-en-puerto-penasco-esta-por-comenzar\\\/#article\",\"isPartOf\":{\"@id\":\"https:\\\/\\\/laspalomasresort.net\\\/es\\\/vuelve-el-secreto-mas-dulce-del-mar-de-cortes-la-temporada-del-camaron-azul-en-puerto-penasco-esta-por-comenzar\\\/\"},\"author\":{\"name\":\"Ana Gonzalez\",\"@id\":\"https:\\\/\\\/laspalomasresort.net\\\/es\\\/#\\\/schema\\\/person\\\/be12ffff02070be9424dccb483546b0f\"},\"headline\":\"\u00a1El Secreto M\u00e1s Dulce del Mar de Cort\u00e9s Est\u00e1 de Regreso! \u00a1La temporada del camar\u00f3n azul en Puerto Pe\u00f1asco est\u00e1 por comenzar!\",\"datePublished\":\"2025-09-10T17:00:45+00:00\",\"dateModified\":\"2025-09-23T00:13:01+00:00\",\"mainEntityOfPage\":{\"@id\":\"https:\\\/\\\/laspalomasresort.net\\\/es\\\/vuelve-el-secreto-mas-dulce-del-mar-de-cortes-la-temporada-del-camaron-azul-en-puerto-penasco-esta-por-comenzar\\\/\"},\"wordCount\":459,\"image\":{\"@id\":\"https:\\\/\\\/laspalomasresort.net\\\/es\\\/vuelve-el-secreto-mas-dulce-del-mar-de-cortes-la-temporada-del-camaron-azul-en-puerto-penasco-esta-por-comenzar\\\/#primaryimage\"},\"thumbnailUrl\":\"https:\\\/\\\/laspalomasresort.net\\\/wp-content\\\/uploads\\\/2025\\\/05\\\/DJI_0203.jpg\",\"inLanguage\":\"es\"},{\"@type\":\"WebPage\",\"@id\":\"https:\\\/\\\/laspalomasresort.net\\\/es\\\/vuelve-el-secreto-mas-dulce-del-mar-de-cortes-la-temporada-del-camaron-azul-en-puerto-penasco-esta-por-comenzar\\\/\",\"url\":\"https:\\\/\\\/laspalomasresort.net\\\/es\\\/vuelve-el-secreto-mas-dulce-del-mar-de-cortes-la-temporada-del-camaron-azul-en-puerto-penasco-esta-por-comenzar\\\/\",\"name\":\"\u00a1El Secreto M\u00e1s Dulce del Mar de Cort\u00e9s Est\u00e1 de Regreso! \u00a1La temporada del camar\u00f3n azul en Puerto Pe\u00f1asco est\u00e1 por comenzar! - Las Palomas\",\"isPartOf\":{\"@id\":\"https:\\\/\\\/laspalomasresort.net\\\/es\\\/#website\"},\"primaryImageOfPage\":{\"@id\":\"https:\\\/\\\/laspalomasresort.net\\\/es\\\/vuelve-el-secreto-mas-dulce-del-mar-de-cortes-la-temporada-del-camaron-azul-en-puerto-penasco-esta-por-comenzar\\\/#primaryimage\"},\"image\":{\"@id\":\"https:\\\/\\\/laspalomasresort.net\\\/es\\\/vuelve-el-secreto-mas-dulce-del-mar-de-cortes-la-temporada-del-camaron-azul-en-puerto-penasco-esta-por-comenzar\\\/#primaryimage\"},\"thumbnailUrl\":\"https:\\\/\\\/laspalomasresort.net\\\/wp-content\\\/uploads\\\/2025\\\/05\\\/DJI_0203.jpg\",\"datePublished\":\"2025-09-10T17:00:45+00:00\",\"dateModified\":\"2025-09-23T00:13:01+00:00\",\"author\":{\"@id\":\"https:\\\/\\\/laspalomasresort.net\\\/es\\\/#\\\/schema\\\/person\\\/be12ffff02070be9424dccb483546b0f\"},\"description\":\"\u00a1La temporada del camar\u00f3n azul regresa a Rocky Point! Celebra en Las Palomas el 20 de septiembre con sabores frescos, m\u00fasica en vivo y tradici\u00f3n junto al mar.\",\"breadcrumb\":{\"@id\":\"https:\\\/\\\/laspalomasresort.net\\\/es\\\/vuelve-el-secreto-mas-dulce-del-mar-de-cortes-la-temporada-del-camaron-azul-en-puerto-penasco-esta-por-comenzar\\\/#breadcrumb\"},\"inLanguage\":\"es\",\"potentialAction\":[{\"@type\":\"ReadAction\",\"target\":[\"https:\\\/\\\/laspalomasresort.net\\\/es\\\/vuelve-el-secreto-mas-dulce-del-mar-de-cortes-la-temporada-del-camaron-azul-en-puerto-penasco-esta-por-comenzar\\\/\"]}]},{\"@type\":\"ImageObject\",\"inLanguage\":\"es\",\"@id\":\"https:\\\/\\\/laspalomasresort.net\\\/es\\\/vuelve-el-secreto-mas-dulce-del-mar-de-cortes-la-temporada-del-camaron-azul-en-puerto-penasco-esta-por-comenzar\\\/#primaryimage\",\"url\":\"https:\\\/\\\/laspalomasresort.net\\\/wp-content\\\/uploads\\\/2025\\\/05\\\/DJI_0203.jpg\",\"contentUrl\":\"https:\\\/\\\/laspalomasresort.net\\\/wp-content\\\/uploads\\\/2025\\\/05\\\/DJI_0203.jpg\",\"width\":2560,\"height\":1920},{\"@type\":\"BreadcrumbList\",\"@id\":\"https:\\\/\\\/laspalomasresort.net\\\/es\\\/vuelve-el-secreto-mas-dulce-del-mar-de-cortes-la-temporada-del-camaron-azul-en-puerto-penasco-esta-por-comenzar\\\/#breadcrumb\",\"itemListElement\":[{\"@type\":\"ListItem\",\"position\":1,\"name\":\"Home\",\"item\":\"https:\\\/\\\/laspalomasresort.net\\\/es\\\/\"},{\"@type\":\"ListItem\",\"position\":2,\"name\":\"\u00a1El Secreto M\u00e1s Dulce del Mar de Cort\u00e9s Est\u00e1 de Regreso! \u00a1La temporada del camar\u00f3n azul en Puerto Pe\u00f1asco est\u00e1 por comenzar!\"}]},{\"@type\":\"WebSite\",\"@id\":\"https:\\\/\\\/laspalomasresort.net\\\/es\\\/#website\",\"url\":\"https:\\\/\\\/laspalomasresort.net\\\/es\\\/\",\"name\":\"Las Palomas\",\"description\":\"\",\"potentialAction\":[{\"@type\":\"SearchAction\",\"target\":{\"@type\":\"EntryPoint\",\"urlTemplate\":\"https:\\\/\\\/laspalomasresort.net\\\/es\\\/?s={search_term_string}\"},\"query-input\":{\"@type\":\"PropertyValueSpecification\",\"valueRequired\":true,\"valueName\":\"search_term_string\"}}],\"inLanguage\":\"es\"},{\"@type\":\"Person\",\"@id\":\"https:\\\/\\\/laspalomasresort.net\\\/es\\\/#\\\/schema\\\/person\\\/be12ffff02070be9424dccb483546b0f\",\"name\":\"Ana Gonzalez\",\"url\":\"https:\\\/\\\/laspalomasresort.net\\\/es\\\/author\\\/anagl\\\/\"}]}<\/script>\n<!-- \/ Yoast SEO plugin. -->","yoast_head_json":{"title":"\u00a1El Secreto M\u00e1s Dulce del Mar de Cort\u00e9s Est\u00e1 de Regreso! \u00a1La temporada del camar\u00f3n azul en Puerto Pe\u00f1asco est\u00e1 por comenzar! - Las Palomas","description":"\u00a1La temporada del camar\u00f3n azul regresa a Rocky Point! Celebra en Las Palomas el 20 de septiembre con sabores frescos, m\u00fasica en vivo y tradici\u00f3n junto al mar.","robots":{"index":"index","follow":"follow","max-snippet":"max-snippet:-1","max-image-preview":"max-image-preview:large","max-video-preview":"max-video-preview:-1"},"canonical":"https:\/\/laspalomasresort.net\/es\/vuelve-el-secreto-mas-dulce-del-mar-de-cortes-la-temporada-del-camaron-azul-en-puerto-penasco-esta-por-comenzar\/","og_locale":"es_MX","og_type":"article","og_title":"\u00a1El Secreto M\u00e1s Dulce del Mar de Cort\u00e9s Est\u00e1 de Regreso! \u00a1La temporada del camar\u00f3n azul en Puerto Pe\u00f1asco est\u00e1 por comenzar! - Las Palomas","og_description":"\u00a1La temporada del camar\u00f3n azul regresa a Rocky Point! Celebra en Las Palomas el 20 de septiembre con sabores frescos, m\u00fasica en vivo y tradici\u00f3n junto al mar.","og_url":"https:\/\/laspalomasresort.net\/es\/vuelve-el-secreto-mas-dulce-del-mar-de-cortes-la-temporada-del-camaron-azul-en-puerto-penasco-esta-por-comenzar\/","og_site_name":"Las Palomas","article_published_time":"2025-09-10T17:00:45+00:00","article_modified_time":"2025-09-23T00:13:01+00:00","og_image":[{"width":2560,"height":1920,"url":"https:\/\/laspalomasresort.net\/wp-content\/uploads\/2025\/05\/DJI_0203.jpg","type":"image\/jpeg"}],"author":"Ana Gonzalez","twitter_card":"summary_large_image","twitter_misc":{"Written by":"Ana Gonzalez","Est. reading time":"4 minutos"},"schema":{"@context":"https:\/\/schema.org","@graph":[{"@type":"Article","@id":"https:\/\/laspalomasresort.net\/es\/vuelve-el-secreto-mas-dulce-del-mar-de-cortes-la-temporada-del-camaron-azul-en-puerto-penasco-esta-por-comenzar\/#article","isPartOf":{"@id":"https:\/\/laspalomasresort.net\/es\/vuelve-el-secreto-mas-dulce-del-mar-de-cortes-la-temporada-del-camaron-azul-en-puerto-penasco-esta-por-comenzar\/"},"author":{"name":"Ana Gonzalez","@id":"https:\/\/laspalomasresort.net\/es\/#\/schema\/person\/be12ffff02070be9424dccb483546b0f"},"headline":"\u00a1El Secreto M\u00e1s Dulce del Mar de Cort\u00e9s Est\u00e1 de Regreso! \u00a1La temporada del camar\u00f3n azul en Puerto Pe\u00f1asco est\u00e1 por comenzar!","datePublished":"2025-09-10T17:00:45+00:00","dateModified":"2025-09-23T00:13:01+00:00","mainEntityOfPage":{"@id":"https:\/\/laspalomasresort.net\/es\/vuelve-el-secreto-mas-dulce-del-mar-de-cortes-la-temporada-del-camaron-azul-en-puerto-penasco-esta-por-comenzar\/"},"wordCount":459,"image":{"@id":"https:\/\/laspalomasresort.net\/es\/vuelve-el-secreto-mas-dulce-del-mar-de-cortes-la-temporada-del-camaron-azul-en-puerto-penasco-esta-por-comenzar\/#primaryimage"},"thumbnailUrl":"https:\/\/laspalomasresort.net\/wp-content\/uploads\/2025\/05\/DJI_0203.jpg","inLanguage":"es"},{"@type":"WebPage","@id":"https:\/\/laspalomasresort.net\/es\/vuelve-el-secreto-mas-dulce-del-mar-de-cortes-la-temporada-del-camaron-azul-en-puerto-penasco-esta-por-comenzar\/","url":"https:\/\/laspalomasresort.net\/es\/vuelve-el-secreto-mas-dulce-del-mar-de-cortes-la-temporada-del-camaron-azul-en-puerto-penasco-esta-por-comenzar\/","name":"\u00a1El Secreto M\u00e1s Dulce del Mar de Cort\u00e9s Est\u00e1 de Regreso! \u00a1La temporada del camar\u00f3n azul en Puerto Pe\u00f1asco est\u00e1 por comenzar! - Las Palomas","isPartOf":{"@id":"https:\/\/laspalomasresort.net\/es\/#website"},"primaryImageOfPage":{"@id":"https:\/\/laspalomasresort.net\/es\/vuelve-el-secreto-mas-dulce-del-mar-de-cortes-la-temporada-del-camaron-azul-en-puerto-penasco-esta-por-comenzar\/#primaryimage"},"image":{"@id":"https:\/\/laspalomasresort.net\/es\/vuelve-el-secreto-mas-dulce-del-mar-de-cortes-la-temporada-del-camaron-azul-en-puerto-penasco-esta-por-comenzar\/#primaryimage"},"thumbnailUrl":"https:\/\/laspalomasresort.net\/wp-content\/uploads\/2025\/05\/DJI_0203.jpg","datePublished":"2025-09-10T17:00:45+00:00","dateModified":"2025-09-23T00:13:01+00:00","author":{"@id":"https:\/\/laspalomasresort.net\/es\/#\/schema\/person\/be12ffff02070be9424dccb483546b0f"},"description":"\u00a1La temporada del camar\u00f3n azul regresa a Rocky Point! Celebra en Las Palomas el 20 de septiembre con sabores frescos, m\u00fasica en vivo y tradici\u00f3n junto al mar.","breadcrumb":{"@id":"https:\/\/laspalomasresort.net\/es\/vuelve-el-secreto-mas-dulce-del-mar-de-cortes-la-temporada-del-camaron-azul-en-puerto-penasco-esta-por-comenzar\/#breadcrumb"},"inLanguage":"es","potentialAction":[{"@type":"ReadAction","target":["https:\/\/laspalomasresort.net\/es\/vuelve-el-secreto-mas-dulce-del-mar-de-cortes-la-temporada-del-camaron-azul-en-puerto-penasco-esta-por-comenzar\/"]}]},{"@type":"ImageObject","inLanguage":"es","@id":"https:\/\/laspalomasresort.net\/es\/vuelve-el-secreto-mas-dulce-del-mar-de-cortes-la-temporada-del-camaron-azul-en-puerto-penasco-esta-por-comenzar\/#primaryimage","url":"https:\/\/laspalomasresort.net\/wp-content\/uploads\/2025\/05\/DJI_0203.jpg","contentUrl":"https:\/\/laspalomasresort.net\/wp-content\/uploads\/2025\/05\/DJI_0203.jpg","width":2560,"height":1920},{"@type":"BreadcrumbList","@id":"https:\/\/laspalomasresort.net\/es\/vuelve-el-secreto-mas-dulce-del-mar-de-cortes-la-temporada-del-camaron-azul-en-puerto-penasco-esta-por-comenzar\/#breadcrumb","itemListElement":[{"@type":"ListItem","position":1,"name":"Home","item":"https:\/\/laspalomasresort.net\/es\/"},{"@type":"ListItem","position":2,"name":"\u00a1El Secreto M\u00e1s Dulce del Mar de Cort\u00e9s Est\u00e1 de Regreso! \u00a1La temporada del camar\u00f3n azul en Puerto Pe\u00f1asco est\u00e1 por comenzar!"}]},{"@type":"WebSite","@id":"https:\/\/laspalomasresort.net\/es\/#website","url":"https:\/\/laspalomasresort.net\/es\/","name":"Las Palomas","description":"","potentialAction":[{"@type":"SearchAction","target":{"@type":"EntryPoint","urlTemplate":"https:\/\/laspalomasresort.net\/es\/?s={search_term_string}"},"query-input":{"@type":"PropertyValueSpecification","valueRequired":true,"valueName":"search_term_string"}}],"inLanguage":"es"},{"@type":"Person","@id":"https:\/\/laspalomasresort.net\/es\/#\/schema\/person\/be12ffff02070be9424dccb483546b0f","name":"Ana Gonzalez","url":"https:\/\/laspalomasresort.net\/es\/author\/anagl\/"}]}},"_links":{"self":[{"href":"https:\/\/laspalomasresort.net\/es\/wp-json\/wp\/v2\/posts\/15919","targetHints":{"allow":["GET"]}}],"collection":[{"href":"https:\/\/laspalomasresort.net\/es\/wp-json\/wp\/v2\/posts"}],"about":[{"href":"https:\/\/laspalomasresort.net\/es\/wp-json\/wp\/v2\/types\/post"}],"author":[{"embeddable":true,"href":"https:\/\/laspalomasresort.net\/es\/wp-json\/wp\/v2\/users\/6"}],"replies":[{"embeddable":true,"href":"https:\/\/laspalomasresort.net\/es\/wp-json\/wp\/v2\/comments?post=15919"}],"version-history":[{"count":0,"href":"https:\/\/laspalomasresort.net\/es\/wp-json\/wp\/v2\/posts\/15919\/revisions"}],"wp:featuredmedia":[{"embeddable":true,"href":"https:\/\/laspalomasresort.net\/es\/wp-json\/wp\/v2\/media\/14999"}],"wp:attachment":[{"href":"https:\/\/laspalomasresort.net\/es\/wp-json\/wp\/v2\/media?parent=15919"}],"wp:term":[{"taxonomy":"category","embeddable":true,"href":"https:\/\/laspalomasresort.net\/es\/wp-json\/wp\/v2\/categories?post=15919"},{"taxonomy":"post_tag","embeddable":true,"href":"https:\/\/laspalomasresort.net\/es\/wp-json\/wp\/v2\/tags?post=15919"}],"curies":[{"name":"wp","href":"https:\/\/api.w.org\/{rel}","templated":true}]}}